{"id":3113,"date":"2022-11-27T15:55:00","date_gmt":"2022-11-27T14:55:00","guid":{"rendered":"https:\/\/teanniscoaching.com\/?p=3113"},"modified":"2022-12-09T16:18:19","modified_gmt":"2022-12-09T15:18:19","slug":"premiere-coupe-davis-pour-le-canada","status":"publish","type":"post","link":"https:\/\/teanniscoaching.com\/en\/premiere-coupe-davis-pour-le-canada\/","title":{"rendered":"premi\u00e8re Coupe Davis pour le Canada"},"content":{"rendered":"<p>Denis Shapovalov et F\u00e9lix Auger-Aliassime ont remport\u00e9 leur simple face \u00e0 l&rsquo;Australie et offrent au Canada la premi\u00e8re <a href=\"https:\/\/fr.wikipedia.org\/wiki\/Coupe_Davis\" target=\"_blank\" rel=\"noreferrer noopener\">Coupe Davis<\/a> de son histoire.<\/p>\n\n\n\n<p>Pour cette finale, pas besoin de dessert puisque le Canada a su boucler l&rsquo;affaire au terme des simples contre l&rsquo;Australie. Denis Shapovalov s&rsquo;est montr\u00e9 majestueux face \u00e0 Thanis Kokkinakis (6-2, 6-4), puis F\u00e9lix Auger-Aliassime a domin\u00e9 Alex De Minaur (6-3, 6-4) pour offrir au Canada la premi\u00e8re Coupe Davis de son histoire.<\/p>\n\n\n\n<figure class=\"wp-block-image size-large\"><img fetchpriority=\"high\" decoding=\"async\" width=\"819\" height=\"1024\" src=\"https:\/\/teanniscoaching.com\/wp-content\/uploads\/2022\/12\/coupe-davis-canada-2022-819x1024.jpg\" alt=\"coupe-davis-canada-2022\" class=\"wp-image-3115\" srcset=\"https:\/\/teanniscoaching.com\/wp-content\/uploads\/2022\/12\/coupe-davis-canada-2022-819x1024.jpg 819w, https:\/\/teanniscoaching.com\/wp-content\/uploads\/2022\/12\/coupe-davis-canada-2022-240x300.jpg 240w, https:\/\/teanniscoaching.com\/wp-content\/uploads\/2022\/12\/coupe-davis-canada-2022-768x960.jpg 768w, https:\/\/teanniscoaching.com\/wp-content\/uploads\/2022\/12\/coupe-davis-canada-2022-10x12.jpg 10w, https:\/\/teanniscoaching.com\/wp-content\/uploads\/2022\/12\/coupe-davis-canada-2022.jpg 1080w\" sizes=\"(max-width: 819px) 100vw, 819px\" \/><\/figure>\n\n\n\n<p>Ainsi, sept ans apr\u00e8s avoir gagn\u00e9 la Coupe Davis junior, Auger-Aliassime, Shapovalov, accompagn\u00e9s de leurs co\u00e9quipiers, ont pu soulever le Saladier d\u2019argent, le troph\u00e9e le plus prestigieux dans le monde du tennis par \u00e9quipe.<\/p>\n\n\n<blockquote class=\"twitter-tweet\">\n<p lang=\"en\" dir=\"ltr\">2015 JUNIORS \u263a\ufe0f \u23ed\ufe0f 2022<br \/>WHAT A JOURNEY!!! MORE TO COME \ud83c\udde8\ud83c\udde6 <a href=\"https:\/\/twitter.com\/DavisCup?ref_src=twsrc%5Etfw\" target=\"_blank\" rel=\"noopener\">@DavisCup<\/a> <a href=\"https:\/\/twitter.com\/ITFTennis?ref_src=twsrc%5Etfw\" target=\"_blank\" rel=\"noopener\">@ITFTennis<\/a> <a href=\"https:\/\/t.co\/ORQddXzv89\">pic.twitter.com\/ORQddXzv89<\/a><\/p>\n<p>&mdash; Denis Shapovalov (@denis_shapo) <a href=\"https:\/\/twitter.com\/denis_shapo\/status\/1597265312701112325?ref_src=twsrc%5Etfw\" target=\"_blank\" rel=\"noopener\">November 28, 2022<\/a><\/p><\/blockquote>\n<p> <script async src=\"https:\/\/platform.twitter.com\/widgets.js\" charset=\"utf-8\"><\/script><\/p>\n\n\n\n<p>Le Canada revient de tr\u00e8s loin puisqu&rsquo;il avait \u00e9t\u00e9 \u00e9limin\u00e9 4-0 par les Pays-Bas en mars lors des qualifications. Mais l&rsquo;exclusion de la Russie, tenante du titre, en raison du conflit en Ukraine, a laiss\u00e9 une place: la Serbie aurait d\u00fb en profiter, mais ayant re\u00e7u auparavant une invitation pour la phase finale 2022, c&rsquo;est le Canada qui a \u00e9t\u00e9 rep\u00each\u00e9. Les Canadiens ont termin\u00e9 deuxi\u00e8mes du groupe B derri\u00e8re l&rsquo;Espagne en septembre, avant d&rsquo;\u00e9liminer l&rsquo;Allemagne en quarts de finale (2-1) et l&rsquo;Italie en demies (2-1). En finale, le double n&rsquo;a pas eu besoin d&rsquo;\u00eatre jou\u00e9 apr\u00e8s les nettes victoires canadiennes en simple.<\/p>\n\n\n<blockquote class=\"twitter-tweet\">\n<p lang=\"und\" dir=\"ltr\">\ud83c\udf7e\ud83e\udd42\ud83c\udf7e\ud83e\udd42\ud83c\udf7e\ud83e\udd42\ud83c\udf7e\ud83e\udd42\ud83c\udf7e\ud83e\udd42\ud83c\udf7e\ud83e\udd42\ud83c\udf7e\ud83e\udd42<a href=\"https:\/\/twitter.com\/hashtag\/DavisCup?src=hash&amp;ref_src=twsrc%5Etfw\" target=\"_blank\" rel=\"noopener\">#DavisCup<\/a> <a href=\"https:\/\/twitter.com\/hashtag\/byRakuten?src=hash&amp;ref_src=twsrc%5Etfw\" target=\"_blank\" rel=\"noopener\">#byRakuten<\/a> | <a href=\"https:\/\/twitter.com\/TennisCanada?ref_src=twsrc%5Etfw\" target=\"_blank\" rel=\"noopener\">@TennisCanada<\/a> <a href=\"https:\/\/t.co\/CnrTEZshlW\">pic.twitter.com\/CnrTEZshlW<\/a><\/p>\n<p>&mdash; Davis Cup (@DavisCup) <a href=\"https:\/\/twitter.com\/DavisCup\/status\/1596904905922711553?ref_src=twsrc%5Etfw\" target=\"_blank\" rel=\"noopener\">November 27, 2022<\/a><\/p><\/blockquote>\n<p> <script async src=\"https:\/\/platform.twitter.com\/widgets.js\" charset=\"utf-8\"><\/script><\/p>\n\n\n\n<p>Le Canada est aussi devenu le 16e pays \u00e0 remporter les grands honneurs de cette comp\u00e9tition. De plus, il est assur\u00e9 de participer aux Finales de la Coupe Davis de 2023, qui s\u2019amorceront le 11 septembre.<\/p>\n\n\n\n<p>\u00ab C\u2019est difficile de d\u00e9crire les \u00e9motions, a avou\u00e9 Auger-Aliassime lors de son entrevue d\u2019apr\u00e8s-match.<\/p>\n\n\n\n<p>\u00ab Nous avons grandi ensemble, en r\u00eavant d\u2019\u00eatre sur cette sc\u00e8ne, de gagner ce genre de matchs, de gagner la Coupe Davis. C\u2019est vraiment la r\u00e9alisation d\u2019un r\u00eave. C\u2019est pour cela que nous jouons. C\u2019est pour cela que le sport existe. C\u2019est un grand moment pour nous et pour le pays. \u00bb<\/p>\n\n\n\n<h3 class=\"has-text-align-center wp-block-heading\" style=\"text-transform:uppercase\"><strong>Felix Auger-Alliassime dans la cour des grands<\/strong><\/h3>\n\n\n\n<p>A titre personnel, Auger-Aliassime d\u00e9croche un cinqui\u00e8me titre (dont ses quatre premiers sur le circuit <a href=\"https:\/\/teanniscoaching.com\/en\/organisation-des-tournois-de-tennis\/#Lassociation_des_professionnels_de_tennis_association_of_tennis_professionals_ATP\" target=\"_blank\" rel=\"noreferrer noopener\">ATP<\/a>, \u00e0 Rotterdam, Florence, Anvers et B\u00e2le) \u00e0 l&rsquo;issue d&rsquo;une saison qui l&rsquo;a vu prendre toute sa place dans la cour des tr\u00e8s grands. A 22 ans, FAA termine ainsi \u00e0 la 6e place mondiale une saison d\u00e9but\u00e9e au 11e rang. Il est m\u00eame descendu au 13e en septembre apr\u00e8s son \u00e9limination d\u00e8s le 2e tour de l&rsquo;US Open, avant d&rsquo;encha\u00eener une s\u00e9rie de seize victoires et trois titres en autant de semaines qui s&rsquo;est termin\u00e9e en demi-finales au Masters 1000 de Paris.<\/p>\n\n\n\n<figure class=\"wp-block-embed is-type-video is-provider-youtube wp-block-embed-youtube wp-embed-aspect-16-9 wp-has-aspect-ratio\"><div class=\"wp-block-embed__wrapper\">\n<iframe title=\"Finals Highlights  - Davis Cup by Rakuten 2022\" width=\"1290\" height=\"726\" src=\"https:\/\/www.youtube.com\/embed\/cd6wTRSWL4s?feature=oembed\" frameborder=\"0\" allow=\"accelerometer; autoplay; clipboard-write; encrypted-media; gyroscope; picture-in-picture\" allowfullscreen><\/iframe>\n<\/div><\/figure>","protected":false},"excerpt":{"rendered":"<p>Denis Shapovalov et F\u00e9lix Auger-Aliassime ont remport\u00e9 leur simple face \u00e0 l&rsquo;Australie et offrent au Canada la premi\u00e8re Coupe Davis de son histoire. Pour cette finale, pas besoin de dessert puisque le Canada a su boucler l&rsquo;affaire au terme des simples contre l&rsquo;Australie. Denis Shapovalov s&rsquo;est montr\u00e9 majestueux face \u00e0 Thanis Kokkinakis (6-2, 6-4), puis [&hellip;]<\/p>\n","protected":false},"author":1,"featured_media":3116,"comment_status":"open","ping_status":"open","sticky":false,"template":"","format":"standard","meta":{"footnotes":""},"categories":[25],"tags":[],"class_list":["post-3113","post","type-post","status-publish","format-standard","has-post-thumbnail","hentry","category-atp-tennis-news"],"blocksy_meta":{"styles_descriptor":{"styles":{"desktop":"","tablet":"","mobile":""},"google_fonts":[],"version":6}},"_links":{"self":[{"href":"https:\/\/teanniscoaching.com\/en\/wp-json\/wp\/v2\/posts\/3113","targetHints":{"allow":["GET"]}}],"collection":[{"href":"https:\/\/teanniscoaching.com\/en\/wp-json\/wp\/v2\/posts"}],"about":[{"href":"https:\/\/teanniscoaching.com\/en\/wp-json\/wp\/v2\/types\/post"}],"author":[{"embeddable":true,"href":"https:\/\/teanniscoaching.com\/en\/wp-json\/wp\/v2\/users\/1"}],"replies":[{"embeddable":true,"href":"https:\/\/teanniscoaching.com\/en\/wp-json\/wp\/v2\/comments?post=3113"}],"version-history":[{"count":1,"href":"https:\/\/teanniscoaching.com\/en\/wp-json\/wp\/v2\/posts\/3113\/revisions"}],"predecessor-version":[{"id":3117,"href":"https:\/\/teanniscoaching.com\/en\/wp-json\/wp\/v2\/posts\/3113\/revisions\/3117"}],"wp:featuredmedia":[{"embeddable":true,"href":"https:\/\/teanniscoaching.com\/en\/wp-json\/wp\/v2\/media\/3116"}],"wp:attachment":[{"href":"https:\/\/teanniscoaching.com\/en\/wp-json\/wp\/v2\/media?parent=3113"}],"wp:term":[{"taxonomy":"category","embeddable":true,"href":"https:\/\/teanniscoaching.com\/en\/wp-json\/wp\/v2\/categories?post=3113"},{"taxonomy":"post_tag","embeddable":true,"href":"https:\/\/teanniscoaching.com\/en\/wp-json\/wp\/v2\/tags?post=3113"}],"curies":[{"name":"wp","href":"https:\/\/api.w.org\/{rel}","templated":true}]}}