{"id":2043,"date":"2022-03-21T19:03:00","date_gmt":"2022-03-21T18:03:00","guid":{"rendered":"https:\/\/teanniscoaching.com\/?p=2043"},"modified":"2022-08-22T19:11:06","modified_gmt":"2022-08-22T17:11:06","slug":"5eme-titre-de-sa-carriere-pour-iga-swiatek","status":"publish","type":"post","link":"https:\/\/teanniscoaching.com\/en\/5eme-titre-de-sa-carriere-pour-iga-swiatek\/","title":{"rendered":"5\u00e8me titre de sa carri\u00e8re pour\u00a0Iga Swiatek"},"content":{"rendered":"<p>La Polonaise\u00a0<a href=\"https:\/\/www.facebook.com\/swiatekiga?__tn__=-]K*F\" target=\"_blank\" rel=\"noopener\">Iga Swiatek<\/a>\u00a0a battu la Grecque\u00a0<a href=\"https:\/\/www.facebook.com\/mariasakkariofficial?__tn__=-]K*F\" target=\"_blank\" rel=\"noopener\">Maria Sakkari<\/a>\u00a06-4 6-1 pour remporter une finale balay\u00e9e par le vent \u00e0 Indian Wells dimanche et se hisser \u00e0 la deuxi\u00e8me place du classement mondial.<\/p>\n\n\n\n<p>Avec la victoire,Swiatek se r\u00e9veillera lundi en tant que nouveau num\u00e9ro deux mondiale et bien qu&rsquo;elle ait dit que cela semble surr\u00e9aliste, elle vise d\u00e9j\u00e0 Ash Barty \u00e0 la t\u00eate du classement\u00a0<a href=\"https:\/\/www.facebook.com\/WTA\/?__tn__=kK*F\" target=\"_blank\" rel=\"noopener\">WTA<\/a>.<\/p>\n\n\n\n<figure class=\"wp-block-embed is-type-video is-provider-youtube wp-block-embed-youtube wp-embed-aspect-16-9 wp-has-aspect-ratio\"><div class=\"wp-block-embed__wrapper\">\n<iframe title=\"Iga Swiatek vs. Maria Sakkari | 2022 Indian Wells Final | WTA Match Highlights\" width=\"1290\" height=\"726\" src=\"https:\/\/www.youtube.com\/embed\/mriYqlF6z-o?feature=oembed\" frameborder=\"0\" allow=\"accelerometer; autoplay; clipboard-write; encrypted-media; gyroscope; picture-in-picture\" allowfullscreen><\/iframe>\n<\/div><\/figure>","protected":false},"excerpt":{"rendered":"<p>La Polonaise\u00a0Iga Swiatek\u00a0a battu la Grecque\u00a0Maria Sakkari\u00a06-4 6-1 pour remporter une finale balay\u00e9e par le vent \u00e0 Indian Wells dimanche et se hisser \u00e0 la deuxi\u00e8me place du classement mondial. Avec la victoire,Swiatek se r\u00e9veillera lundi en tant que nouveau num\u00e9ro deux mondiale et bien qu&rsquo;elle ait dit que cela semble surr\u00e9aliste, elle vise d\u00e9j\u00e0 [&hellip;]<\/p>\n","protected":false},"author":1,"featured_media":2045,"comment_status":"open","ping_status":"open","sticky":false,"template":"","format":"standard","meta":{"footnotes":""},"categories":[26],"tags":[],"class_list":["post-2043","post","type-post","status-publish","format-standard","has-post-thumbnail","hentry","category-wta-tennis-news"],"blocksy_meta":{"styles_descriptor":{"styles":{"desktop":"","tablet":"","mobile":""},"google_fonts":[],"version":6}},"_links":{"self":[{"href":"https:\/\/teanniscoaching.com\/en\/wp-json\/wp\/v2\/posts\/2043","targetHints":{"allow":["GET"]}}],"collection":[{"href":"https:\/\/teanniscoaching.com\/en\/wp-json\/wp\/v2\/posts"}],"about":[{"href":"https:\/\/teanniscoaching.com\/en\/wp-json\/wp\/v2\/types\/post"}],"author":[{"embeddable":true,"href":"https:\/\/teanniscoaching.com\/en\/wp-json\/wp\/v2\/users\/1"}],"replies":[{"embeddable":true,"href":"https:\/\/teanniscoaching.com\/en\/wp-json\/wp\/v2\/comments?post=2043"}],"version-history":[{"count":2,"href":"https:\/\/teanniscoaching.com\/en\/wp-json\/wp\/v2\/posts\/2043\/revisions"}],"predecessor-version":[{"id":2048,"href":"https:\/\/teanniscoaching.com\/en\/wp-json\/wp\/v2\/posts\/2043\/revisions\/2048"}],"wp:featuredmedia":[{"embeddable":true,"href":"https:\/\/teanniscoaching.com\/en\/wp-json\/wp\/v2\/media\/2045"}],"wp:attachment":[{"href":"https:\/\/teanniscoaching.com\/en\/wp-json\/wp\/v2\/media?parent=2043"}],"wp:term":[{"taxonomy":"category","embeddable":true,"href":"https:\/\/teanniscoaching.com\/en\/wp-json\/wp\/v2\/categories?post=2043"},{"taxonomy":"post_tag","embeddable":true,"href":"https:\/\/teanniscoaching.com\/en\/wp-json\/wp\/v2\/tags?post=2043"}],"curies":[{"name":"wp","href":"https:\/\/api.w.org\/{rel}","templated":true}]}}