{"id":2035,"date":"2022-03-21T17:06:00","date_gmt":"2022-03-21T16:06:00","guid":{"rendered":"https:\/\/teanniscoaching.com\/?p=2035"},"modified":"2022-08-22T19:03:31","modified_gmt":"2022-08-22T17:03:31","slug":"taylor-fritz-premier-americain-champion-de-bnp-paribas-depuis-andre-agassi","status":"publish","type":"post","link":"https:\/\/teanniscoaching.com\/en\/taylor-fritz-premier-americain-champion-de-bnp-paribas-depuis-andre-agassi\/","title":{"rendered":"Taylor Fritz est le Premier Am\u00e9ricain qui a remport\u00e9 le titre de BNP Paribas Open\u00a0depuis Andre Agassi en 2001"},"content":{"rendered":"<p><a href=\"https:\/\/www.facebook.com\/TaylorHFritz97?__tn__=-]K*F\" target=\"_blank\" rel=\"noopener\">Taylor Fritz<\/a>\u00a0a lutt\u00e9 contre une douleur atroce pour mettre fin \u00e0 la s\u00e9rie de 20 victoires de\u00a0<a href=\"https:\/\/www.facebook.com\/Nadal?__tn__=-]K*F\" target=\"_blank\" rel=\"noopener\">Rafa Nadal<\/a>\u00a0avec une victoire de 6-3 7-6 (5) lors de la finale de BNP Paribas Open d&rsquo;Indian Wells dimanche.<\/p>\n\n\n\n<div id=\"ez-toc-container\" class=\"ez-toc-v2_0_82_2 ez-toc-wrap-center counter-hierarchy ez-toc-counter ez-toc-light-blue ez-toc-container-direction\">\n<div class=\"ez-toc-title-container\">\n<p class=\"ez-toc-title\" style=\"cursor:inherit\">Sommaire<\/p>\n<span class=\"ez-toc-title-toggle\"><a href=\"#\" class=\"ez-toc-pull-right ez-toc-btn ez-toc-btn-xs ez-toc-btn-default ez-toc-toggle\" aria-label=\"Toggle Table of Content\"><span class=\"ez-toc-js-icon-con\"><span class=\"\"><span class=\"eztoc-hide\" style=\"display:none;\">Toggle<\/span><span class=\"ez-toc-icon-toggle-span\"><svg style=\"fill: #999999;color:#999999\" xmlns=\"http:\/\/www.w3.org\/2000\/svg\" class=\"list-377408\" width=\"20px\" height=\"20px\" viewbox=\"0 0 24 24\" fill=\"none\"><path d=\"M6 6H4v2h2V6zm14 0H8v2h12V6zM4 11h2v2H4v-2zm16 0H8v2h12v-2zM4 16h2v2H4v-2zm16 0H8v2h12v-2z\" fill=\"currentColor\"><\/path><\/svg><svg style=\"fill: #999999;color:#999999\" class=\"arrow-unsorted-368013\" xmlns=\"http:\/\/www.w3.org\/2000\/svg\" width=\"10px\" height=\"10px\" viewbox=\"0 0 24 24\" version=\"1.2\" baseprofile=\"tiny\"><path d=\"M18.2 9.3l-6.2-6.3-6.2 6.3c-.2.2-.3.4-.3.7s.1.5.3.7c.2.2.4.3.7.3h11c.3 0 .5-.1.7-.3.2-.2.3-.5.3-.7s-.1-.5-.3-.7zM5.8 14.7l6.2 6.3 6.2-6.3c.2-.2.3-.5.3-.7s-.1-.5-.3-.7c-.2-.2-.4-.3-.7-.3h-11c-.3 0-.5.1-.7.3-.2.2-.3.5-.3.7s.1.5.3.7z\"\/><\/svg><\/span><\/span><\/span><\/a><\/span><\/div>\n<nav><ul class='ez-toc-list ez-toc-list-level-1' ><li class='ez-toc-page-1 ez-toc-heading-level-3'><a class=\"ez-toc-link ez-toc-heading-1\" href=\"https:\/\/teanniscoaching.com\/en\/taylor-fritz-premier-americain-champion-de-bnp-paribas-depuis-andre-agassi\/#une_victoire_historique_pour_Taylor_Fritz\" >une victoire historique pour Taylor Fritz<\/a><\/li><li class='ez-toc-page-1 ez-toc-heading-level-3'><a class=\"ez-toc-link ez-toc-heading-2\" href=\"https:\/\/teanniscoaching.com\/en\/taylor-fritz-premier-americain-champion-de-bnp-paribas-depuis-andre-agassi\/#la_souffrance_de_Fritz_et_Nadal_durant_le_match\" >la souffrance de Fritz et Nadal durant le match<\/a><\/li><\/ul><\/nav><\/div>\n<h3 class=\"has-text-align-center wp-block-heading\"><span class=\"ez-toc-section\" id=\"une_victoire_historique_pour_Taylor_Fritz\"><\/span>une victoire historique pour Taylor Fritz<span class=\"ez-toc-section-end\"><\/span><\/h3>\n\n\n\n<p>Le favori local Fritz a donn\u00e9 aux fans ce qu&rsquo;ils \u00e9taient venus voir &#8211; un effort h\u00e9ro\u00efque et un vainqueur am\u00e9ricain, refusant \u00e0 Nadal ce qui aurait \u00e9t\u00e9 son quatri\u00e8me titre de la saison et un record \u00e9galant 37 titre de Masters 1000.<\/p>\n\n\n\n<p>avec une cheville bless\u00e9e, Fritz a d\u00e9clar\u00e9 qu&rsquo;apr\u00e8s avoir remport\u00e9 son deuxi\u00e8me titre en carri\u00e8re, il avait dout\u00e9 qu&rsquo;il puisse m\u00eame aller sur le terrain et n&rsquo;avait jamais ressenti une telle douleur avant un match:\u00a0\u00bbJe n&rsquo;ai jamais ressenti autant de douleur de ma vie avant un match.<\/p>\n\n\n\n<p>\u00ab\u00a0Si j&rsquo;avais su que \u00e7a allait \u00eatre si grave, je ne serais pas venu ici,J&rsquo;ai fait quelques pas de changement de direction et j&rsquo;ai cri\u00e9 et honn\u00eatement, j&rsquo;essayais d&rsquo;agir dur parce que j&rsquo;avais des cam\u00e9ras sur moi\u00a0\u00bb.<\/p>\n\n\n\n<h3 class=\"has-text-align-center wp-block-heading\"><span class=\"ez-toc-section\" id=\"la_souffrance_de_Fritz_et_Nadal_durant_le_match\"><\/span>la souffrance de Fritz et Nadal durant le match<span class=\"ez-toc-section-end\"><\/span><\/h3>\n\n\n\n<p>Les deux joueurs avaient des probl\u00e8mes de forme physique avant la finale.<\/p>\n\n\n\n<p>Alors que Fritz \u00e9tait occup\u00e9 par un probl\u00e8me \u00e0 la cheville, Nadal a souffert d&rsquo;un probl\u00e8me au niveau de sa poitrine qu&rsquo;il a contract\u00e9 lors d&rsquo;une demi-finale \u00e9pique en trois sets avec son compatriote de 18 ans, Carlos Alcaraz.<\/p>\n\n\n\n<p>\u00ab\u00a0Quand je respire, quand je bouge, c&rsquo;est comme une aiguille tout le temps \u00e0 l&rsquo;int\u00e9rieur. J&rsquo;ai un peu le vertige parce que c&rsquo;est douloureux\u00a0\u00bb, a d\u00e9clar\u00e9 Nadal.<\/p>\n\n\n\n<p>\u00ab\u00a0C&rsquo;est une sorte de douleur qui me limite beaucoup. Ce n&rsquo;est pas seulement une question de douleur, je ne me sens pas tr\u00e8s bien car cela affecte ma respiration.<\/p>\n\n\n\n<p>\u00ab\u00a0Plus que de la tristesse pour la d\u00e9faite, (c&rsquo;est) quelque chose que j&rsquo;ai accept\u00e9 imm\u00e9diatement et m\u00eame avant la fin du match&#8230; Je souffre un peu, honn\u00eatement.\u00a0\u00bb<\/p>\n\n\n\n<p>Nadal a d\u00e9clar\u00e9 la semaine derni\u00e8re qu&rsquo;il ne participerait pas \u00e0 l&rsquo;Open de Miami, qui suit imm\u00e9diatement le tournoi d&rsquo;Indian Wells.<\/p>\n\n\n\n<figure class=\"wp-block-embed is-type-video is-provider-youtube wp-block-embed-youtube wp-embed-aspect-16-9 wp-has-aspect-ratio\"><div class=\"wp-block-embed__wrapper\">\n<iframe title=\"Taylor Fritz and Rafael Nadal Play for the Title | Indian Wells 2022 Final Highlights\" width=\"1290\" height=\"726\" src=\"https:\/\/www.youtube.com\/embed\/htCcWsHP18o?feature=oembed\" frameborder=\"0\" allow=\"accelerometer; autoplay; clipboard-write; encrypted-media; gyroscope; picture-in-picture\" allowfullscreen><\/iframe>\n<\/div><\/figure>","protected":false},"excerpt":{"rendered":"<p>Taylor Fritz\u00a0a lutt\u00e9 contre une douleur atroce pour mettre fin \u00e0 la s\u00e9rie de 20 victoires de\u00a0Rafa Nadal\u00a0avec une victoire de 6-3 7-6 (5) lors de la finale de BNP Paribas Open d&rsquo;Indian Wells dimanche. une victoire historique pour Taylor Fritz Le favori local Fritz a donn\u00e9 aux fans ce qu&rsquo;ils \u00e9taient venus voir &#8211; [&hellip;]<\/p>\n","protected":false},"author":1,"featured_media":2037,"comment_status":"open","ping_status":"open","sticky":false,"template":"","format":"standard","meta":{"footnotes":""},"categories":[25],"tags":[],"class_list":["post-2035","post","type-post","status-publish","format-standard","has-post-thumbnail","hentry","category-atp-tennis-news"],"blocksy_meta":{"styles_descriptor":{"styles":{"desktop":"","tablet":"","mobile":""},"google_fonts":[],"version":6}},"_links":{"self":[{"href":"https:\/\/teanniscoaching.com\/en\/wp-json\/wp\/v2\/posts\/2035","targetHints":{"allow":["GET"]}}],"collection":[{"href":"https:\/\/teanniscoaching.com\/en\/wp-json\/wp\/v2\/posts"}],"about":[{"href":"https:\/\/teanniscoaching.com\/en\/wp-json\/wp\/v2\/types\/post"}],"author":[{"embeddable":true,"href":"https:\/\/teanniscoaching.com\/en\/wp-json\/wp\/v2\/users\/1"}],"replies":[{"embeddable":true,"href":"https:\/\/teanniscoaching.com\/en\/wp-json\/wp\/v2\/comments?post=2035"}],"version-history":[{"count":3,"href":"https:\/\/teanniscoaching.com\/en\/wp-json\/wp\/v2\/posts\/2035\/revisions"}],"predecessor-version":[{"id":2041,"href":"https:\/\/teanniscoaching.com\/en\/wp-json\/wp\/v2\/posts\/2035\/revisions\/2041"}],"wp:featuredmedia":[{"embeddable":true,"href":"https:\/\/teanniscoaching.com\/en\/wp-json\/wp\/v2\/media\/2037"}],"wp:attachment":[{"href":"https:\/\/teanniscoaching.com\/en\/wp-json\/wp\/v2\/media?parent=2035"}],"wp:term":[{"taxonomy":"category","embeddable":true,"href":"https:\/\/teanniscoaching.com\/en\/wp-json\/wp\/v2\/categories?post=2035"},{"taxonomy":"post_tag","embeddable":true,"href":"https:\/\/teanniscoaching.com\/en\/wp-json\/wp\/v2\/tags?post=2035"}],"curies":[{"name":"wp","href":"https:\/\/api.w.org\/{rel}","templated":true}]}}