{"id":1881,"date":"2022-01-06T14:42:00","date_gmt":"2022-01-06T13:42:00","guid":{"rendered":"https:\/\/teanniscoaching.com\/?p=1881"},"modified":"2022-08-21T15:57:17","modified_gmt":"2022-08-21T13:57:17","slug":"novak-djokovic-open-daustralie-2022","status":"publish","type":"post","link":"https:\/\/teanniscoaching.com\/en\/novak-djokovic-open-daustralie-2022\/","title":{"rendered":"Novak Djokovic participera t-il \u00e0 l&rsquo;Open d&rsquo;Australie 2022"},"content":{"rendered":"<p>NOVAK DJOKOVIC part en Australie. Le Serbe b\u00e9n\u00e9ficie d&rsquo;une \u00ab\u00a0exemption m\u00e9dicale\u00a0\u00bb pour voyager et jouer l&rsquo;<a href=\"https:\/\/ausopen.com\/\" target=\"_blank\" rel=\"noreferrer noopener\">Open d&rsquo;Australie<\/a>.<\/p>\n\n\n\n<p>L\u2019arriv\u00e9e de Novak Djokovic sur le territoire australien est en train de se transformer en une v\u00e9ritable saga politico\u2010sanitaire. Bloqu\u00e9 depuis plusieurs heures \u00e0 l\u2019a\u00e9roport Tullamarine de Melbourne \u00e0 cause d\u2019un probl\u00e8me de visa, le joueur serbe serait trait\u00e9 comme un v\u00e9ritable criminel.<\/p>\n\n\n\n<div id=\"ez-toc-container\" class=\"ez-toc-v2_0_82_2 ez-toc-wrap-center counter-hierarchy ez-toc-counter ez-toc-light-blue ez-toc-container-direction\">\n<div class=\"ez-toc-title-container\">\n<p class=\"ez-toc-title\" style=\"cursor:inherit\">Sommaire<\/p>\n<span class=\"ez-toc-title-toggle\"><a href=\"#\" class=\"ez-toc-pull-right ez-toc-btn ez-toc-btn-xs ez-toc-btn-default ez-toc-toggle\" aria-label=\"Toggle Table of Content\"><span class=\"ez-toc-js-icon-con\"><span class=\"\"><span class=\"eztoc-hide\" style=\"display:none;\">Toggle<\/span><span class=\"ez-toc-icon-toggle-span\"><svg style=\"fill: #999999;color:#999999\" xmlns=\"http:\/\/www.w3.org\/2000\/svg\" class=\"list-377408\" width=\"20px\" height=\"20px\" viewbox=\"0 0 24 24\" fill=\"none\"><path d=\"M6 6H4v2h2V6zm14 0H8v2h12V6zM4 11h2v2H4v-2zm16 0H8v2h12v-2zM4 16h2v2H4v-2zm16 0H8v2h12v-2z\" fill=\"currentColor\"><\/path><\/svg><svg style=\"fill: #999999;color:#999999\" class=\"arrow-unsorted-368013\" xmlns=\"http:\/\/www.w3.org\/2000\/svg\" width=\"10px\" height=\"10px\" viewbox=\"0 0 24 24\" version=\"1.2\" baseprofile=\"tiny\"><path d=\"M18.2 9.3l-6.2-6.3-6.2 6.3c-.2.2-.3.4-.3.7s.1.5.3.7c.2.2.4.3.7.3h11c.3 0 .5-.1.7-.3.2-.2.3-.5.3-.7s-.1-.5-.3-.7zM5.8 14.7l6.2 6.3 6.2-6.3c.2-.2.3-.5.3-.7s-.1-.5-.3-.7c-.2-.2-.4-.3-.7-.3h-11c-.3 0-.5.1-.7.3-.2.2-.3.5-.3.7s.1.5.3.7z\"\/><\/svg><\/span><\/span><\/span><\/a><\/span><\/div>\n<nav><ul class='ez-toc-list ez-toc-list-level-1' ><li class='ez-toc-page-1 ez-toc-heading-level-3'><a class=\"ez-toc-link ez-toc-heading-1\" href=\"https:\/\/teanniscoaching.com\/en\/novak-djokovic-open-daustralie-2022\/#les_propos_des_medias\" >les propos des m\u00e9dias<\/a><\/li><li class='ez-toc-page-1 ez-toc-heading-level-3'><a class=\"ez-toc-link ez-toc-heading-2\" href=\"https:\/\/teanniscoaching.com\/en\/novak-djokovic-open-daustralie-2022\/#Novak_Djokovic_jusquau_bout\" >Novak Djokovic jusqu&rsquo;au bout<\/a><\/li><\/ul><\/nav><\/div>\n<h3 class=\"has-text-align-center wp-block-heading\" id=\"1-les-propos-des-m%C3%A9dias\"><span class=\"ez-toc-section\" id=\"les_propos_des_medias\"><\/span>les propos des m\u00e9dias<span class=\"ez-toc-section-end\"><\/span><\/h3>\n\n\n\n<p>En effet et d\u2019apr\u00e8s les informations d\u2019au moins deux m\u00e9dias serbes, B92 et le Telegraf, Novak Djokovic serait retenu depuis plusieurs heures dans une pi\u00e8ce gard\u00e9e par deux policiers tout en ayant l\u2019interdiction d\u2019interagir avec son \u00e9quipe pr\u00e9sente sur place ou m\u00eame d\u2019utiliser son t\u00e9l\u00e9phone portable.<\/p>\n\n\n\n<p>L&rsquo;AFP vient de confirmer que l&rsquo;Australie a annul\u00e9 le visa de Novak Djokovic. Le num\u00e9ro un mondial, sauf nouveau rebondissement, ne pourra pas jouer l&rsquo;Open d&rsquo;Australie<br>Alors qu&rsquo;il pensait avoir eu les autorisations n\u00e9cessaires pour jouer l&rsquo;Open d&rsquo;Australie, le N\u00b01 mondial s&rsquo;est vu refuser son visa d&rsquo;entr\u00e9e car il ne pr\u00e9senterait pas les garanties sanitaires suffisantes. Une d\u00e9cision d\u00e9finitive est attendue dans les prochains jours. Quelle histoire !&#8230;<\/p>\n\n\n\n<h3 class=\"has-text-align-center wp-block-heading\" id=\"2-novak-djokovic-jusquau-bout\"><span class=\"ez-toc-section\" id=\"Novak_Djokovic_jusquau_bout\"><\/span>Novak Djokovic jusqu&rsquo;au bout<span class=\"ez-toc-section-end\"><\/span><\/h3>\n\n\n\n<p>Le num\u00e9ro 1 mondial dont le visa a \u00e9t\u00e9 refus\u00e9 devait donc rentrer chez lui mais le Serbe a d\u00e9cid\u00e9 de ne rien l\u00e2cher. Il a donc entam\u00e9 une proc\u00e9dure \u00ab judiciaire \u00bb pour faire valoir ses droits et pourquoi pas \u00eatre \u00ab r\u00e9int\u00e9gr\u00e9 \u00bb dans le \u00ab <a href=\"https:\/\/teanniscoaching.com\/en\/les-tournois-du-tennis-professionnel\/\" target=\"_blank\" rel=\"noreferrer noopener\">tournoi<\/a> \u00bb.<\/p>\n\n\n\n<p>La proc\u00e9dure engag\u00e9e l\u2019oblige d\u00e9j\u00e0 \u00e0 rester au moins jusqu\u2019\u00e0 lundi. D\u2019ici l\u00e0, les avis vont se multiplier sachant que personne ne peut nier que le \u00ab cafouillage \u00bb a \u00e9t\u00e9 total ce mercredi.<\/p>\n\n\n\n<p>De son c\u00f4t\u00e9 Tennis Australie toujours aussi \u00ab fair play \u00bb a exig\u00e9 que la d\u00e9cision finale devait \u00eatre prise avant mardi pour des raisons de programmation.<\/p>\n\n\n\n<p>Le juge charg\u00e9 de l\u2019affaire a pr\u00e9cis\u00e9 que ce n\u2019est pas Tennis Australia qui allait dicter le timing.<\/p>\n\n\n\n<p>Pour rappel, et d\u2019apr\u00e8s le tr\u00e8s s\u00e9rieux quotidien The Age, l\u2019exemption m\u00e9dicale re\u00e7ue par le num\u00e9ro un mondial a \u00e9t\u00e9 accord\u00e9e en raison d\u2019une contamination au virus au cours des six derniers mois, l\u2019un des quatre crit\u00e8res requis pour obtenir cette dispense.<\/p>\n\n\n\n<p><strong><em>AFFAIRE A SUIVRE<\/em><\/strong> <strong>!!!<\/strong><\/p>\n\n\n\n<figure class=\"wp-block-image size-full\"><img fetchpriority=\"high\" decoding=\"async\" width=\"538\" height=\"960\" src=\"https:\/\/teanniscoaching.com\/wp-content\/uploads\/2022\/08\/Novak-Djokovic-open-daustralie-2022.jpg\" alt=\"\" class=\"wp-image-1882\" srcset=\"https:\/\/teanniscoaching.com\/wp-content\/uploads\/2022\/08\/Novak-Djokovic-open-daustralie-2022.jpg 538w, https:\/\/teanniscoaching.com\/wp-content\/uploads\/2022\/08\/Novak-Djokovic-open-daustralie-2022-168x300.jpg 168w, https:\/\/teanniscoaching.com\/wp-content\/uploads\/2022\/08\/Novak-Djokovic-open-daustralie-2022-7x12.jpg 7w\" sizes=\"(max-width: 538px) 100vw, 538px\" \/><figcaption>Novak-Djokovic-open-d&rsquo;Australie-2022<\/figcaption><\/figure>","protected":false},"excerpt":{"rendered":"<p>NOVAK DJOKOVIC part en Australie. Le Serbe b\u00e9n\u00e9ficie d&rsquo;une \u00ab\u00a0exemption m\u00e9dicale\u00a0\u00bb pour voyager et jouer l&rsquo;Open d&rsquo;Australie. L\u2019arriv\u00e9e de Novak Djokovic sur le territoire australien est en train de se transformer en une v\u00e9ritable saga politico\u2010sanitaire. Bloqu\u00e9 depuis plusieurs heures \u00e0 l\u2019a\u00e9roport Tullamarine de Melbourne \u00e0 cause d\u2019un probl\u00e8me de visa, le joueur serbe serait [&hellip;]<\/p>\n","protected":false},"author":1,"featured_media":1883,"comment_status":"open","ping_status":"open","sticky":false,"template":"","format":"standard","meta":{"footnotes":""},"categories":[25,1],"tags":[],"class_list":["post-1881","post","type-post","status-publish","format-standard","has-post-thumbnail","hentry","category-atp-tennis-news","category-tennis-extra"],"blocksy_meta":{"styles_descriptor":{"styles":{"desktop":"","tablet":"","mobile":""},"google_fonts":[],"version":6}},"_links":{"self":[{"href":"https:\/\/teanniscoaching.com\/en\/wp-json\/wp\/v2\/posts\/1881","targetHints":{"allow":["GET"]}}],"collection":[{"href":"https:\/\/teanniscoaching.com\/en\/wp-json\/wp\/v2\/posts"}],"about":[{"href":"https:\/\/teanniscoaching.com\/en\/wp-json\/wp\/v2\/types\/post"}],"author":[{"embeddable":true,"href":"https:\/\/teanniscoaching.com\/en\/wp-json\/wp\/v2\/users\/1"}],"replies":[{"embeddable":true,"href":"https:\/\/teanniscoaching.com\/en\/wp-json\/wp\/v2\/comments?post=1881"}],"version-history":[{"count":7,"href":"https:\/\/teanniscoaching.com\/en\/wp-json\/wp\/v2\/posts\/1881\/revisions"}],"predecessor-version":[{"id":1894,"href":"https:\/\/teanniscoaching.com\/en\/wp-json\/wp\/v2\/posts\/1881\/revisions\/1894"}],"wp:featuredmedia":[{"embeddable":true,"href":"https:\/\/teanniscoaching.com\/en\/wp-json\/wp\/v2\/media\/1883"}],"wp:attachment":[{"href":"https:\/\/teanniscoaching.com\/en\/wp-json\/wp\/v2\/media?parent=1881"}],"wp:term":[{"taxonomy":"category","embeddable":true,"href":"https:\/\/teanniscoaching.com\/en\/wp-json\/wp\/v2\/categories?post=1881"},{"taxonomy":"post_tag","embeddable":true,"href":"https:\/\/teanniscoaching.com\/en\/wp-json\/wp\/v2\/tags?post=1881"}],"curies":[{"name":"wp","href":"https:\/\/api.w.org\/{rel}","templated":true}]}}