{"id":1851,"date":"2021-11-14T23:45:00","date_gmt":"2021-11-14T22:45:00","guid":{"rendered":"https:\/\/teanniscoaching.com\/?p=1851"},"modified":"2023-04-07T16:26:40","modified_gmt":"2023-04-07T14:26:40","slug":"carlos-alcaraz-next-gen","status":"publish","type":"post","link":"https:\/\/teanniscoaching.com\/en\/carlos-alcaraz-next-gen\/","title":{"rendered":"ATP NEXTGEN FINALS:Carlos Alcaraz vient \u00e0 bout de Korda et succ\u00e8de \u00e0 Sinner."},"content":{"rendered":"\n<p>L&rsquo;Espagnol\u00a0<a href=\"https:\/\/www.facebook.com\/carlitosalcarazz?__tn__=-]K*F\" target=\"_blank\" rel=\"noopener\">Carlos Alcaraz<\/a>\u00a0, 32e joueur mondial et t\u00eate de s\u00e9rie N\u00b01, s&rsquo;est adjug\u00e9 le\u00a0<a href=\"https:\/\/teanniscoaching.com\/next-generation-atp-finals\/#Ledition_2021_de_la_Next_Gen_ATP_Finals\" target=\"_blank\" rel=\"noreferrer noopener\">Next Gen ATP Finals<\/a>\u00a02021 de tennis en dominant l&rsquo;Am\u00e9ricain Sebastian Korda, 39e mondial et t\u00eate de s\u00e9rie N\u00b02 .<\/p>\n\n\n\n<p>Apr\u00e8s\u00a0<a href=\"https:\/\/www.facebook.com\/SinnerJannik?__tn__=-]K*F\" target=\"_blank\" rel=\"noopener\">Jannik Sinner<\/a>, Carlos Alcaraz devient le deuxi\u00e8me joueur de 18 ans \u00e0 remporter le Masters Next Gen (moins de 21 ans) en dominant, samedi \u00e0 Milan, 4-3 (5), 4-2, 4-2 en 1h22, Sebastian Korda pour leur premi\u00e8re confrontation.<\/p>\n\n\n\n<p>Le joueur de 18 ans est le premier Espagnol \u00e0 triompher lors du tournoi des 21 ans et moins et est le plus jeune joueur \u00e0 remporter 32 victoires au niveau de la tourn\u00e9e en un an depuis qu&rsquo;Andrei Medvedev, 18 ans, est all\u00e9 32-11 en 1992.<\/p>\n\n\n\n<blockquote class=\"wp-block-quote is-style-default is-layout-flow wp-block-quote-is-layout-flow\">\n<p><em>\u00ab\u00a0C&rsquo;est incroyable\u00a0\u00bb, a d\u00e9clar\u00e9 Alcaraz lors de son entretien sur le terrain. \u00ab\u00a0Pouvoir gagner ce tournoi signifie beaucoup pour moi. Je suis tellement excit\u00e9 en ce moment et \u00e9mu. J&rsquo;\u00e9tais tr\u00e8s, tr\u00e8s nerveux au d\u00e9but. J&rsquo;ai d\u00fb \u00eatre calme pour sauver les balles de break. Je sais que Korda sert tr\u00e8s bien, donc j&rsquo;ai d\u00fb jouer de mon mieux dans ces moments-l\u00e0.<\/em><\/p>\n<\/blockquote>\n\n\n\n<p>L\u2019Espagnol a su \u00e9carter des balles de break sur ses deux premiers jeux de service pour se d\u00e9tendre et prendre le dessus sur l&rsquo;Am\u00e9ricain.<\/p>\n\n\n\n<p>Alcaraz n&rsquo;a perdu qu&rsquo;un seul set en route vers le titre \u00e0 Milan alors qu&rsquo;il jouait de mani\u00e8re agressive dans les gros points pour vaincre une opposition f\u00e9roce \u00e0 l&rsquo;Allianz Cloud. Le joueur de 18 ans a admis que c&rsquo;est un domaine de son jeu sur lequel il s&rsquo;est concentr\u00e9 et qu&rsquo;il cherchera \u00e0 continuer \u00e0 se d\u00e9velopper.<\/p>\n\n\n\n<blockquote class=\"wp-block-quote is-layout-flow wp-block-quote-is-layout-flow\">\n<p><em>\u00ab\u00a0C&rsquo;est quelque chose sur lequel je travaille\u00a0\u00bb, a d\u00e9clar\u00e9 Carlos Alcaraz. \u00ab\u00a0Juan Carlos m&rsquo;a dit que dans les moments difficiles, il faut jouer de mani\u00e8re agressive et il faut y aller et c&rsquo;est ce que je fais. Je travaille l\u00e0-dessus pour \u00eatre calme dans les moments difficiles, c&rsquo;est la cl\u00e9 pour gagner les points difficiles. Il faut y aller. \u00bb<\/em><\/p>\n<\/blockquote>\n\n\n\n<h3 class=\"has-text-align-center wp-block-heading\">une id\u00e9e sur le parcours de Carlos Alcaraz pour cette saison<\/h3>\n\n\n\n<p>Apr\u00e8s avoir commenc\u00e9 l&rsquo;ann\u00e9e au n \u00b0 141 du classement ATP, Alcaraz s&rsquo;est hiss\u00e9 au n \u00b0 32, son sommet actuel en carri\u00e8re, sous la direction de l&rsquo;entra\u00eeneur Juan Carlos Ferrero. Au cours d&rsquo;une saison exceptionnelle, le joueur de 18 ans a d\u00e9croch\u00e9 son premier titre au niveau de la tourn\u00e9e \u00e0 Umag et a boulevers\u00e9 le num\u00e9ro 3 mondial Stefanos Tsitsipas alors qu&rsquo;il atteignait les quarts de finale \u00e0 l&rsquo;US Open.<\/p>\n\n\n\n<p>Alcaraz s&rsquo;est \u00e9galement qualifi\u00e9 pour les demi-finales de la tourn\u00e9e \u00e0 Marbella, Winston-Salem et Vienne, o\u00f9 il a battu le num\u00e9ro 7 mondial Matteo Berrettini. Il a montr\u00e9 l&rsquo;exp\u00e9rience qu&rsquo;il a acquise cette saison contre Korda, restant concentr\u00e9 devant une foule anim\u00e9e en Italie pour devenir le quatri\u00e8me champion de Next Gen ATP Finals, rejoignant Hyeon Chung, Tsitsipas et Jannik Sinner.<\/p>\n\n\n\n<blockquote class=\"wp-block-quote is-layout-flow wp-block-quote-is-layout-flow\">\n<p class=\"has-text-align-center\">\u00ab\u00a0Cela a \u00e9t\u00e9 une tr\u00e8s bonne saison pour moi\u00a0\u00bb, a d\u00e9clar\u00e9 Carlos Alcaraz. \u00ab\u00a0Je suis vraiment heureux des moments que j&rsquo;ai v\u00e9cus. Battre Stefanos [Tsitsipas] \u00e0 l&rsquo;US Open, atteindre les quarts de finale d&rsquo;un Grand Chelem et remporter mon premier ATP.<\/p>\n\n\n\n<p class=\"has-text-align-center\">\u00ab\u00a0Mais je pense que cela n&rsquo;aurait pas \u00e9t\u00e9 possible sans l&rsquo;exp\u00e9rience que j&rsquo;ai acquise \u00e0 Madrid, en jouant contre Rafa [Nadal]. \u00c0 Acapulco, jouant contre [Alexandre] Zverev. Il y a beaucoup de matchs de tournoi qui m&rsquo;ont donn\u00e9 beaucoup d&rsquo;exp\u00e9rience pour me rendre plus mature si vite.<\/p>\n<\/blockquote>\n\n\n\n<p>La saison n&rsquo;est pas finie pour le prodige espagnol qui va maintenant disputer la Coupe Davis.<\/p>\n\n\n\n<figure class=\"wp-block-embed is-type-video is-provider-youtube wp-block-embed-youtube wp-embed-aspect-16-9 wp-has-aspect-ratio\"><div class=\"wp-block-embed__wrapper\">\n<iframe title=\"Carlos Alcaraz vs Sebastian Korda For The Title | Next Gen ATP Finals Final Highlights\" width=\"1290\" height=\"726\" src=\"https:\/\/www.youtube.com\/embed\/pHU9v-ZIXKQ?feature=oembed\" frameborder=\"0\" allow=\"accelerometer; autoplay; clipboard-write; encrypted-media; gyroscope; picture-in-picture; web-share\" allowfullscreen><\/iframe>\n<\/div><figcaption class=\"wp-element-caption\">Carlos Alcaraz -TENNIS TV<\/figcaption><\/figure>\n","protected":false},"excerpt":{"rendered":"<p>L&rsquo;Espagnol\u00a0Carlos Alcaraz\u00a0, 32e joueur mondial et t\u00eate de s\u00e9rie N\u00b01, s&rsquo;est adjug\u00e9 le\u00a0Next Gen ATP Finals\u00a02021 de tennis en dominant l&rsquo;Am\u00e9ricain Sebastian Korda, 39e mondial et t\u00eate de s\u00e9rie N\u00b02 . Apr\u00e8s\u00a0Jannik Sinner, Carlos Alcaraz devient le deuxi\u00e8me joueur de 18 ans \u00e0 remporter le Masters Next Gen (moins de 21 ans) en dominant, samedi [&hellip;]<\/p>\n","protected":false},"author":1,"featured_media":1852,"comment_status":"open","ping_status":"open","sticky":false,"template":"","format":"standard","meta":{"footnotes":""},"categories":[25],"tags":[],"class_list":["post-1851","post","type-post","status-publish","format-standard","has-post-thumbnail","hentry","category-atp-tennis-news"],"blocksy_meta":{"styles_descriptor":{"styles":{"desktop":"","tablet":"","mobile":""},"google_fonts":[],"version":6}},"_links":{"self":[{"href":"https:\/\/teanniscoaching.com\/en\/wp-json\/wp\/v2\/posts\/1851","targetHints":{"allow":["GET"]}}],"collection":[{"href":"https:\/\/teanniscoaching.com\/en\/wp-json\/wp\/v2\/posts"}],"about":[{"href":"https:\/\/teanniscoaching.com\/en\/wp-json\/wp\/v2\/types\/post"}],"author":[{"embeddable":true,"href":"https:\/\/teanniscoaching.com\/en\/wp-json\/wp\/v2\/users\/1"}],"replies":[{"embeddable":true,"href":"https:\/\/teanniscoaching.com\/en\/wp-json\/wp\/v2\/comments?post=1851"}],"version-history":[{"count":2,"href":"https:\/\/teanniscoaching.com\/en\/wp-json\/wp\/v2\/posts\/1851\/revisions"}],"predecessor-version":[{"id":3315,"href":"https:\/\/teanniscoaching.com\/en\/wp-json\/wp\/v2\/posts\/1851\/revisions\/3315"}],"wp:featuredmedia":[{"embeddable":true,"href":"https:\/\/teanniscoaching.com\/en\/wp-json\/wp\/v2\/media\/1852"}],"wp:attachment":[{"href":"https:\/\/teanniscoaching.com\/en\/wp-json\/wp\/v2\/media?parent=1851"}],"wp:term":[{"taxonomy":"category","embeddable":true,"href":"https:\/\/teanniscoaching.com\/en\/wp-json\/wp\/v2\/categories?post=1851"},{"taxonomy":"post_tag","embeddable":true,"href":"https:\/\/teanniscoaching.com\/en\/wp-json\/wp\/v2\/tags?post=1851"}],"curies":[{"name":"wp","href":"https:\/\/api.w.org\/{rel}","templated":true}]}}